[{"@context":"https:\/\/schema.org\/","@type":"Article","@id":"https:\/\/www.erania.sk\/preco-ludia-neveria-parlamentu\/#Article","mainEntityOfPage":"https:\/\/www.erania.sk\/preco-ludia-neveria-parlamentu\/","headline":"Pre\u010do \u013eudia neveria parlamentu","name":"Pre\u010do \u013eudia neveria parlamentu","description":"Pre\u010do m\u00e1me zvl\u00e1\u0161tny pocit, \u017ee pr\u00e1ve politici sediaci v parlamente, ktor\u00ed &#8222;presadzuj\u00fa na\u0161e demokratick\u00e9 pr\u00e1va a z\u00e1ujmy&#8220; s\u00fa vlastne \u013eudia bez n\u00e1zoru a mor\u00e1lnych z\u00e1v\u00e4zkov? Samozrejme je dos\u0165 mo\u017en\u00e9, \u017ee n\u00e1zor, ideu a v\u00e1\u0161e\u0148 presadzova\u0165 pr\u00e1vo mo\u017eno niekedy mali, v mladosti, ale svet politiky alebo lep\u0161ie povedan\u00e9 jej kolekt\u00edv ich strhol na apatick\u00fa stranu a spravil z nich &#8222;oby\u010dajn\u00e9 \u013eudsk\u00e9 bytosti&#8220;, ktor\u00e9 len chc\u00fa zosta\u0165 na svojej poz\u00edcii, nako\u013eko tie\u017e maj\u00fa rodiny, s\u00fakromn\u00e9 sny a st\u00e1le n\u00e1ro\u010dnej\u0161ie priania, ktor\u00e9 sa...<p class=\"read-more\"><a class=\"btn btn-default\" href=\"https:\/\/www.erania.sk\/preco-ludia-neveria-parlamentu\/\"> Read More<span class=\"screen-reader-text\">  Read More<\/span><\/a><\/p>","datePublished":"2018-12-06","dateModified":"2023-04-26","author":{"@type":"Person","@id":"https:\/\/www.erania.sk\/author\/#Person","name":"","url":"https:\/\/www.erania.sk\/author\/","identifier":1,"image":{"@type":"ImageObject","@id":"https:\/\/secure.gravatar.com\/avatar\/633c8fb9866a4b0403353760c35030d9478298d226363320d7bf91cdc3dbe3b6?s=96&d=mm&r=g","url":"https:\/\/secure.gravatar.com\/avatar\/633c8fb9866a4b0403353760c35030d9478298d226363320d7bf91cdc3dbe3b6?s=96&d=mm&r=g","height":96,"width":96}},"publisher":{"@type":"Organization","name":"erania.sk","logo":{"@type":"ImageObject","@id":"\/logo.png","url":"\/logo.png","width":600,"height":60}},"image":{"@type":"ImageObject","@id":"https:\/\/www.erania.sk\/wp-content\/uploads\/img_a294833_w16535_t1545235880.png","url":"https:\/\/www.erania.sk\/wp-content\/uploads\/img_a294833_w16535_t1545235880.png","height":0,"width":0},"url":"https:\/\/www.erania.sk\/preco-ludia-neveria-parlamentu\/","about":["Slu\u017eby"],"wordCount":460,"articleBody":" Pre\u010do m\u00e1me zvl\u00e1\u0161tny pocit, \u017ee pr\u00e1ve politici sediaci v parlamente, ktor\u00ed &#8222;presadzuj\u00fa na\u0161e demokratick\u00e9 pr\u00e1va a z\u00e1ujmy&#8220; s\u00fa vlastne \u013eudia bez n\u00e1zoru a mor\u00e1lnych z\u00e1v\u00e4zkov? Samozrejme je dos\u0165 mo\u017en\u00e9, \u017ee n\u00e1zor, ideu a v\u00e1\u0161e\u0148 presadzova\u0165 pr\u00e1vo mo\u017eno niekedy mali, v mladosti, ale svet politiky alebo lep\u0161ie povedan\u00e9 jej kolekt\u00edv ich strhol na apatick\u00fa stranu a spravil z nich &#8222;oby\u010dajn\u00e9 \u013eudsk\u00e9 bytosti&#8220;, ktor\u00e9 len chc\u00fa zosta\u0165 na svojej poz\u00edcii, nako\u013eko tie\u017e maj\u00fa rodiny, s\u00fakromn\u00e9 sny a st\u00e1le n\u00e1ro\u010dnej\u0161ie priania, ktor\u00e9 sa predsa bez pe\u0148az\u00ed zrealizova\u0165 nedaj\u00fa. Zostarli, &#8222;zrozumneli&#8220;, udom\u00e1cneli sa, zmenili svoje priority a mo\u017eno aj n\u00e1zor, no a za\u010d\u00ednaj\u00fa sa b\u00e1\u0165 novej, mladej krvi s revolu\u010dn\u00fdm potenci\u00e1lom, naivn\u00fdch politikov pln\u00fdch ide\u00ed s\u013eubuj\u00facich radik\u00e1lnej\u0161ie zmeny, preto\u017ee pr\u00e1ve t\u00e1to v\u00e1\u0161niv\u00e1 nov\u00e1 krv by ich vytla\u010dila z mieste\u010dka, na ktor\u00e9 si u\u017e zvykli. V tom lep\u0161om pr\u00edpade by ich t\u00e1to nov\u00e1 krv prin\u00fatila robi\u0165 radik\u00e1lnej\u0161ie zmeny. Ale je sk\u00f4r pravdepodobn\u00e9, \u017ee &#8222;star\u00ed a udom\u00e1cnen\u00ed&#8220; si od t\u00fdchto nov\u00fdch &#8222;naiviek&#8220; nenechaj\u00fa por\u00fa\u010da\u0165 a medzi seba ich mierne povedan\u00e9, nepr\u00edjmu. Potom nasleduje star\u00fd zn\u00e1my scen\u00e1r. Mlad\u00e9 &#8222;naivky&#8220; sa bu\u010f pridaj\u00fa k nim a skrotia svoje v\u00e1\u0161ne, ako aj ide\u00e1ly do &#8222;normy&#8220;, alebo sa stan\u00fa politikmi na okraji, ktor\u00fdch bud\u00fa ozna\u010dova\u0165 za extr\u00e9mistov a mo\u017eno bl\u00e1znov. V takomto apatickom parlamente ale nemusia sedie\u0165 len kari\u00e9risti, mo\u017eno tam sedia \u013eudia, ktor\u00ed mali svoj ide\u00e1l a v mladom veku mo\u017eno akt\u00edvne hl\u00e1sali svoje n\u00e1zory, ale narazili na kame\u0148 \u00farazu. T\u00fdmto kame\u0148om je fakt, \u017ee \u010dlovek dospieva, z\u00edskava sk\u00fasenosti, men\u00ed ur\u010dit\u00e9 poh\u013eady na svet a v r\u00e1mci pre\u017eitia sa prisp\u00f4sobuje. Je tak mo\u017en\u00e9, \u017ee tento \u010dlovek vst\u00fapil do politiky s vidinou presadzova\u0165 ur\u010dit\u00e9 n\u00e1zory, stanovisk\u00e1 a idey, no po \u010dase, kedy prekro\u010dil pokro\u010dilej\u0161\u00ed vek a nabral v tomto smere sk\u00fasenosti zistil, \u017ee sa asi m\u00fdlil, \u017ee jeho n\u00e1zory mo\u017eno neboli \u00faplne spr\u00e1vne, alebo skr\u00e1tka zist\u00ed, z akej strany f\u00faka vietor a &#8222;zrozumnie&#8220;, &#8222;dospeje&#8220;, \u010do znamen\u00e1- prid\u00e1 sa do spolku &#8222;umravnen\u00fdch&#8220;, do stanovenej normy, \u010di\u017ee do stavu, kedy z neho vyprch\u00e1 p\u00f4vodn\u00e1 mlad\u00edcka a &#8222;naivn\u00e1&#8220; v\u00e1\u0161e\u0148 a us\u00fadi, \u017ee v mnoh\u00fdch pr\u00edpadoch je lep\u0161ie iba &#8222;dr\u017ea\u0165 hubu a krok&#8220;. M\u00f4\u017eeme tak uva\u017eova\u0165, existuje v\u00f4bec nejak\u00e1 \u013eavica \u010di pravica?                                                                                                                                                                                                                                                                                                                                                                                         4.7\/5 - (8 votes)        "},{"@context":"https:\/\/schema.org\/","@type":"BreadcrumbList","itemListElement":[{"@type":"ListItem","position":1,"name":"Pre\u010do \u013eudia neveria parlamentu","item":"https:\/\/www.erania.sk\/preco-ludia-neveria-parlamentu\/#breadcrumbitem"}]}]